{"id":8075,"date":"2026-08-29T19:03:19","date_gmt":"2026-08-30T02:03:19","guid":{"rendered":"https:\/\/abogadoray.com\/?p=8075"},"modified":"2026-08-28T20:55:45","modified_gmt":"2026-08-29T03:55:45","slug":"ymlg-apoya-a-la-comunidad-inmigrante-de-phoenix-a-traves-de-la-educacion-el-bienestar-y-la-asesoria-legal-el-lanzamiento-del-podcast-impacto-migrante","status":"publish","type":"post","link":"https:\/\/abogadoray.com\/es\/inmigracion\/ymlg-apoya-a-la-comunidad-inmigrante-de-phoenix-a-traves-de-la-educacion-el-bienestar-y-la-asesoria-legal-el-lanzamiento-del-podcast-impacto-migrante\/","title":{"rendered":"Apoyando a la comunidad inmigrante de Phoenix a trav\u00e9s de la educaci\u00f3n, el bienestar y la asesor\u00eda legal: YMLG patrocina el lanzamiento del podcast Impacto Migrante."},"content":{"rendered":"<p class=\"wp-block-paragraph\">El 27 de agosto, miembros de la comunidad inmigrante, profesionales de la salud mental, abogados, psic\u00f3logos, educadores, l\u00edderes comunitarios y familias se reunieron en el <strong>Centro Latino de Artes y Cultura de Arizona (ALAC) en Phoenix<\/strong> para el lanzamiento de <strong>Impacto Migrante<\/strong>, un nuevo podcast centrado en abordar las realidades migratorias actuales desde perspectivas legales, psicol\u00f3gicas, familiares y comunitarias.<\/p>\n\n\n\n<p class=\"wp-block-paragraph\">El evento cre\u00f3 un espacio acogedor para que las personas aprendieran, hicieran preguntas, se conectaran con recursos y fortalecieran las redes de apoyo para las familias inmigrantes en todo Arizona.<\/p>\n\n\n\n<p class=\"wp-block-paragraph\">Para <strong>Grupo Jur\u00eddico Ybarra Maldonado (YMLG)<\/strong>, Apoyar esta iniciativa como patrocinadores fue una extensi\u00f3n natural de nuestro compromiso con la comunidad inmigrante de Phoenix.<\/p>\n\n\n\n<p class=\"wp-block-paragraph\"><strong>Ray A. Ybarra Maldonado<\/strong> Particip\u00f3 como ponente en el panel de inmigraci\u00f3n, compartiendo informaci\u00f3n pr\u00e1ctica junto con otros profesionales dedicados a ayudar a las familias inmigrantes a mantenerse informadas, preparadas y conectadas con recursos fiables.<\/p>\n\n\n\n<figure class=\"wp-block-image size-large is-resized\"><img fetchpriority=\"high\" decoding=\"async\" width=\"1200\" height=\"900\" src=\"https:\/\/abogadoray.com\/wp-content\/uploads\/2026\/08\/29-1-1-1200x900.png\" alt=\"\" class=\"wp-image-8077\" style=\"width:695px;height:auto\" srcset=\"https:\/\/abogadoray.com\/wp-content\/uploads\/2026\/08\/29-1-1-1200x900.png 1200w, https:\/\/abogadoray.com\/wp-content\/uploads\/2026\/08\/29-1-1-800x600.png 800w, https:\/\/abogadoray.com\/wp-content\/uploads\/2026\/08\/29-1-1-768x576.png 768w, https:\/\/abogadoray.com\/wp-content\/uploads\/2026\/08\/29-1-1-1536x1152.png 1536w, https:\/\/abogadoray.com\/wp-content\/uploads\/2026\/08\/29-1-1-16x12.png 16w, https:\/\/abogadoray.com\/wp-content\/uploads\/2026\/08\/29-1-1.png 1600w\" sizes=\"(max-width: 1200px) 100vw, 1200px\" \/><\/figure>\n\n\n\n<h2 class=\"wp-block-heading\">Impacto Migrante: Informaci\u00f3n para los desaf\u00edos de la vida real<\/h2>\n\n\n\n<p class=\"wp-block-paragraph\">Impacto Migrante se cre\u00f3 con un prop\u00f3sito importante: hablar de inmigraci\u00f3n de una manera clara, accesible y humana.<\/p>\n\n\n\n<p class=\"wp-block-paragraph\">El podcast re\u00fane perspectivas legales, psicol\u00f3gicas, familiares y comunitarias para explorar c\u00f3mo la inmigraci\u00f3n afecta mucho m\u00e1s que un caso legal o un documento. Los asuntos migratorios tambi\u00e9n pueden afectar el bienestar emocional de una persona, sus relaciones familiares, su sensaci\u00f3n de seguridad y su vida cotidiana.<\/p>\n\n\n\n<p class=\"wp-block-paragraph\">Ese mismo enfoque dio forma al evento de lanzamiento del 27 de agosto.<\/p>\n\n\n\n<p class=\"wp-block-paragraph\">Las conversaciones trascendieron las leyes y los procedimientos. Los ponentes abordaron los derechos de los inmigrantes, la interacci\u00f3n con las autoridades de inmigraci\u00f3n, c\u00f3mo encontrar representaci\u00f3n legal confiable y c\u00f3mo las familias pueden cuidar su bienestar emocional durante per\u00edodos de incertidumbre.<\/p>\n\n\n\n<h2 class=\"wp-block-heading\">Conozca sus derechos durante una interacci\u00f3n con ICE.<\/h2>\n\n\n\n<p class=\"wp-block-paragraph\">Uno de los temas importantes que se trataron durante el evento fue la necesidad de que las familias inmigrantes comprendan sus derechos al interactuar con las autoridades de inmigraci\u00f3n.<\/p>\n\n\n\n<p class=\"wp-block-paragraph\">El panel abord\u00f3 preguntas que muchas familias pueden tener, entre ellas:<\/p>\n\n\n\n<p class=\"wp-block-paragraph\"><strong>\u00bfQu\u00e9 debo hacer si un agente del ICE me detiene y comienza a hacerme preguntas?<\/strong><\/p>\n\n\n\n<p class=\"wp-block-paragraph\"><strong>\u00bfQu\u00e9 debo hacer si agentes del ICE vienen a mi casa?<\/strong><\/p>\n\n\n\n<p class=\"wp-block-paragraph\"><strong>\u00bfTengo que responder a todas las preguntas que me haga un agente de inmigraci\u00f3n?<\/strong><\/p>\n\n\n\n<p class=\"wp-block-paragraph\"><strong>\u00bfQu\u00e9 debo tener en cuenta antes de permitir la entrada de agentes de inmigraci\u00f3n a mi casa?<\/strong><\/p>\n\n\n\n<p class=\"wp-block-paragraph\">Para YMLG, compartir informaci\u00f3n confiable sobre estas situaciones es fundamental. El miedo y la desinformaci\u00f3n pueden hacer que un encuentro ya estresante sea a\u00fan m\u00e1s dif\u00edcil. Entender sus derechos y saber cu\u00e1ndo contactar a un <strong>abogado de inmigraci\u00f3n en Phoenix<\/strong> puede ayudar a las personas y a las familias a tomar decisiones mejor informadas.<\/p>\n\n\n\n<p class=\"wp-block-paragraph\">Al mismo tiempo, cada situaci\u00f3n migratoria es diferente. La informaci\u00f3n general sobre los derechos de los inmigrantes nunca debe sustituir el asesoramiento legal basado en los hechos y circunstancias espec\u00edficos de cada caso.<\/p>\n\n\n\n<figure class=\"wp-block-image size-large is-resized\"><img decoding=\"async\" width=\"1200\" height=\"900\" src=\"https:\/\/abogadoray.com\/wp-content\/uploads\/2026\/08\/29-5-1-1200x900.png\" alt=\"\" class=\"wp-image-8078\" style=\"aspect-ratio:1.3333491889834943;width:521px;height:auto\" srcset=\"https:\/\/abogadoray.com\/wp-content\/uploads\/2026\/08\/29-5-1-1200x900.png 1200w, https:\/\/abogadoray.com\/wp-content\/uploads\/2026\/08\/29-5-1-800x600.png 800w, https:\/\/abogadoray.com\/wp-content\/uploads\/2026\/08\/29-5-1-768x576.png 768w, https:\/\/abogadoray.com\/wp-content\/uploads\/2026\/08\/29-5-1-1536x1152.png 1536w, https:\/\/abogadoray.com\/wp-content\/uploads\/2026\/08\/29-5-1-16x12.png 16w, https:\/\/abogadoray.com\/wp-content\/uploads\/2026\/08\/29-5-1.png 1600w\" sizes=\"(max-width: 1200px) 100vw, 1200px\" \/><\/figure>\n\n\n\n<h2 class=\"wp-block-heading\">Consejos para elegir un abogado de inmigraci\u00f3n<\/h2>\n\n\n\n<p class=\"wp-block-paragraph\">Otra conversaci\u00f3n importante se centr\u00f3 en <strong>C\u00f3mo contratar a un abogado de inmigraci\u00f3n y c\u00f3mo las familias pueden identificar una representaci\u00f3n legal confiable.<\/strong>.<\/p>\n\n\n\n<p class=\"wp-block-paragraph\">Los casos de inmigraci\u00f3n pueden implicar decisiones con consecuencias a largo plazo para las personas y sus familias. Antes de contratar a un abogado, es importante que las personas se sientan con la libertad de hacer preguntas, comprender qui\u00e9n se encargar\u00e1 de su caso y determinar si el abogado es el adecuado para sus necesidades.<\/p>\n\n\n\n<p class=\"wp-block-paragraph\">Algunas preguntas y consideraciones importantes pueden incluir:<\/p>\n\n\n\n<ul class=\"wp-block-list\">\n<li>\u00bfQu\u00e9 experiencia tiene el abogado en casos como el suyo?<\/li>\n\n\n\n<li>\u00bfQu\u00e9 opciones de inmigraci\u00f3n podr\u00edan estar disponibles seg\u00fan sus circunstancias?<\/li>\n\n\n\n<li>\u00bfQui\u00e9n se comunicar\u00e1 con usted durante todo el proceso?<\/li>\n\n\n\n<li>\u00bfCu\u00e1les son los honorarios del abogado y qu\u00e9 servicios est\u00e1n incluidos?<\/li>\n\n\n\n<li>\u00bfQu\u00e9 riesgos o desaf\u00edos potenciales debe comprender antes de seguir adelante?<\/li>\n\n\n\n<li>Considere hablar con <strong>tres abogados antes de firmar un contrato<\/strong>. Trata esas consultas como entrevistas. Haz preguntas, compara tus opciones y determina qui\u00e9n se ha ganado tu confianza y merece el dinero que tanto te ha costado ahorrar.<\/li>\n<\/ul>\n\n\n\n<p class=\"wp-block-paragraph\">Elegir un abogado de inmigraci\u00f3n es una decisi\u00f3n importante. Las familias merecen comprender qu\u00e9 est\u00e1n pagando, qui\u00e9n las representar\u00e1 y qu\u00e9 pueden esperar de forma realista del proceso.<\/p>\n\n\n\n<p class=\"wp-block-paragraph\">Las familias tambi\u00e9n deben desconfiar de quienes garanticen un resultado migratorio espec\u00edfico. Los casos de inmigraci\u00f3n dependen de las circunstancias individuales, la legislaci\u00f3n aplicable, los procedimientos gubernamentales y muchos otros factores. Ning\u00fan abogado puede garantizar \u00e9ticamente la aprobaci\u00f3n de un caso.<\/p>\n\n\n\n<p class=\"wp-block-paragraph\">Hacer preguntas antes de elegir un abogado no solo es razonable, sino que es una parte importante para protegerse a s\u00ed mismo, a su familia y a su futuro.<\/p>\n\n\n\n<h2 class=\"wp-block-heading\">La inmigraci\u00f3n tambi\u00e9n tiene que ver con la salud mental y el bienestar.<\/h2>\n\n\n\n<p class=\"wp-block-paragraph\">Uno de los aspectos que hizo que el lanzamiento de Impacto Migrante fuera especialmente significativo fue su reconocimiento de algo que a veces se pasa por alto en las conversaciones sobre inmigraci\u00f3n: <strong>Las experiencias migratorias pueden tener un profundo impacto emocional.<\/strong>.<\/p>\n\n\n\n<p class=\"wp-block-paragraph\">El miedo a la separaci\u00f3n familiar, la incertidumbre sobre la situaci\u00f3n legal, los cambios en la pol\u00edtica de inmigraci\u00f3n, los encuentros estresantes con las autoridades y el desconocimiento de lo que pueda suceder a continuaci\u00f3n pueden ejercer una presi\u00f3n emocional significativa sobre las personas y las familias.<\/p>\n\n\n\n<p class=\"wp-block-paragraph\">Por eso el evento reuni\u00f3 informaci\u00f3n sobre inmigraci\u00f3n con conversaciones sobre <strong>trauma, migraci\u00f3n, resiliencia, salud mental y bienestar familiar<\/strong>.<\/p>\n\n\n\n<p class=\"wp-block-paragraph\">Los profesionales de la salud mental hablaron sobre c\u00f3mo las experiencias migratorias pueden afectar a las personas y a las familias a lo largo de las generaciones, e hicieron hincapi\u00e9 en la importancia de un apoyo culturalmente sensible para las comunidades inmigrantes.<\/p>\n\n\n\n<p class=\"wp-block-paragraph\">El mensaje era claro: apoyar a las comunidades inmigrantes requiere m\u00e1s que brindar informaci\u00f3n sobre la ley. Tambi\u00e9n implica reconocer a las personas, las familias, las emociones y las experiencias que hay detr\u00e1s de cada historia de inmigraci\u00f3n.<\/p>\n\n\n\n<h2 class=\"wp-block-heading\">Ray Ybarra Maldonado participa en el panel de inmigraci\u00f3n.<\/h2>\n\n\n\n<p class=\"wp-block-paragraph\">Como parte del programa, <strong>Ray A. Ybarra Maldonado<\/strong> Particip\u00f3 en el panel de inmigraci\u00f3n junto con otros abogados y l\u00edderes comunitarios.<\/p>\n\n\n\n<p class=\"wp-block-paragraph\">El objetivo del debate era proporcionar informaci\u00f3n pr\u00e1ctica sobre cuestiones de inmigraci\u00f3n y ayudar a las familias, los profesionales y las organizaciones comunitarias a comprender mejor los retos a los que se enfrentan actualmente las comunidades inmigrantes.<\/p>\n\n\n\n<p class=\"wp-block-paragraph\">El bufete de abogados Ybarra Maldonado se enorgulleci\u00f3 de servir como <strong>patrocinador del lanzamiento de Impacto Migrante<\/strong> y para apoyar una iniciativa centrada en la educaci\u00f3n, la conexi\u00f3n con la comunidad y el bienestar de los inmigrantes.<\/p>\n\n\n\n<p class=\"wp-block-paragraph\">La participaci\u00f3n de Ray refleja una parte importante de la misi\u00f3n m\u00e1s amplia de YMLG: <strong>La representaci\u00f3n legal debe ir acompa\u00f1ada de educaci\u00f3n, accesibilidad y una participaci\u00f3n comunitaria significativa.<\/strong>.<\/p>\n\n\n\n<p class=\"wp-block-paragraph\">Nuestro compromiso con las familias inmigrantes no comienza solo cuando alguien entra en nuestra oficina. Tambi\u00e9n implica estar presentes en la comunidad, crear oportunidades para que las personas hagan preguntas, compartir informaci\u00f3n confiable y trabajar junto a profesionales y organizaciones que apoyan a las familias de Arizona a diario.<\/p>\n\n\n\n<figure class=\"wp-block-image size-large is-resized\"><img decoding=\"async\" width=\"1200\" height=\"900\" src=\"https:\/\/abogadoray.com\/wp-content\/uploads\/2026\/08\/29-2-1-1-1200x900.png\" alt=\"\" class=\"wp-image-8080\" style=\"width:514px;height:auto\" srcset=\"https:\/\/abogadoray.com\/wp-content\/uploads\/2026\/08\/29-2-1-1-1200x900.png 1200w, https:\/\/abogadoray.com\/wp-content\/uploads\/2026\/08\/29-2-1-1-800x600.png 800w, https:\/\/abogadoray.com\/wp-content\/uploads\/2026\/08\/29-2-1-1-768x576.png 768w, https:\/\/abogadoray.com\/wp-content\/uploads\/2026\/08\/29-2-1-1-1536x1152.png 1536w, https:\/\/abogadoray.com\/wp-content\/uploads\/2026\/08\/29-2-1-1-16x12.png 16w, https:\/\/abogadoray.com\/wp-content\/uploads\/2026\/08\/29-2-1-1.png 1600w\" sizes=\"(max-width: 1200px) 100vw, 1200px\" \/><\/figure>\n\n\n\n<h2 class=\"wp-block-heading\">M\u00e1s que el lanzamiento de un podcast: Un espacio para la comunidad inmigrante de Phoenix.<\/h2>\n\n\n\n<p class=\"wp-block-paragraph\">Impacto Migrante reuni\u00f3 a profesionales de diferentes campos en torno a un objetivo com\u00fan: ayudar a crear espacios m\u00e1s informados, solidarios y culturalmente sensibles para las familias inmigrantes.<\/p>\n\n\n\n<p class=\"wp-block-paragraph\">Adem\u00e1s de los debates sobre inmigraci\u00f3n y salud mental, el evento incluy\u00f3 <strong>redes de contactos, arte comunitario, m\u00fasica en vivo, comida y oportunidades para que profesionales, organizaciones y familias se conecten.<\/strong>.<\/p>\n\n\n\n<p class=\"wp-block-paragraph\">Eventos como este son importantes porque las familias inmigrantes no deber\u00edan tener que afrontar solas desaf\u00edos legales y emocionales complejos.<\/p>\n\n\n\n<p class=\"wp-block-paragraph\">El acceso a informaci\u00f3n fidedigna, profesionales cualificados, recursos de salud mental y redes comunitarias s\u00f3lidas puede marcar una diferencia significativa, especialmente en momentos en que las pol\u00edticas de inmigraci\u00f3n y las preocupaciones sobre su cumplimiento generan incertidumbre para las familias.<\/p>\n\n\n\n<figure class=\"wp-block-image size-large is-resized\"><img loading=\"lazy\" decoding=\"async\" width=\"1200\" height=\"900\" src=\"https:\/\/abogadoray.com\/wp-content\/uploads\/2026\/08\/29-3-1-1-1200x900.png\" alt=\"\" class=\"wp-image-8079\" style=\"aspect-ratio:1.3333442183979363;width:663px;height:auto\" srcset=\"https:\/\/abogadoray.com\/wp-content\/uploads\/2026\/08\/29-3-1-1-1200x900.png 1200w, https:\/\/abogadoray.com\/wp-content\/uploads\/2026\/08\/29-3-1-1-800x600.png 800w, https:\/\/abogadoray.com\/wp-content\/uploads\/2026\/08\/29-3-1-1-768x576.png 768w, https:\/\/abogadoray.com\/wp-content\/uploads\/2026\/08\/29-3-1-1-1536x1152.png 1536w, https:\/\/abogadoray.com\/wp-content\/uploads\/2026\/08\/29-3-1-1-16x12.png 16w, https:\/\/abogadoray.com\/wp-content\/uploads\/2026\/08\/29-3-1-1.png 1600w\" sizes=\"(max-width: 1200px) 100vw, 1200px\" \/><\/figure>\n\n\n\n<h2 class=\"wp-block-heading\">Siga Impacto Migrante en YouTube<\/h2>\n\n\n\n<p class=\"wp-block-paragraph\">El evento del 27 de agosto marc\u00f3 el lanzamiento del proyecto, pero la conversaci\u00f3n contin\u00faa.<\/p>\n\n\n\n<p class=\"wp-block-paragraph\"><strong>Impacto Migrante<\/strong> Continuaremos generando debates sobre inmigraci\u00f3n, cuestiones legales, salud mental, familia y las experiencias reales de las comunidades inmigrantes en los Estados Unidos.<\/p>\n\n\n\n<p class=\"wp-block-paragraph\"><strong>\u25b6 <a href=\"https:\/\/www.youtube.com\/@carlaparolacounseling\" target=\"_blank\" rel=\"noreferrer noopener\">Mira y sigue a Impacto Migrante en YouTube.<\/a><\/strong><\/p>\n\n\n\n<p class=\"wp-block-paragraph\">A trav\u00e9s de estas conversaciones, el podcast pretende hacer que la informaci\u00f3n importante sea m\u00e1s accesible, reuniendo a profesionales del derecho, expertos en salud mental, l\u00edderes comunitarios y voces de inmigrantes.<\/p>\n\n\n\n<h2 class=\"wp-block-heading\">Continuamos nuestro compromiso con la comunidad inmigrante de Arizona.<\/h2>\n\n\n\n<p class=\"wp-block-paragraph\">En <strong>Ybarra Maldonado Law Group,<\/strong>, Nos enorgullece haber apoyado el lanzamiento de Impacto Migrante y estar al lado de las organizaciones y los profesionales que trabajan para educar, apoyar y fortalecer a las comunidades inmigrantes en Phoenix y en todo Arizona.<\/p>\n\n\n\n<p class=\"wp-block-paragraph\">Agradecemos <strong>Asesoramiento de Carla Parola<\/strong>, los panelistas participantes, las organizaciones comunitarias, los artistas, los profesionales, las familias y todos los que asistieron y contribuyeron a este importante evento.<\/p>\n\n\n\n<p class=\"wp-block-paragraph\">Para YMLG, apoyar a la comunidad inmigrante significa m\u00e1s que representar a las personas en procesos legales. Significa ayudar a las familias a comprender sus derechos, brindar informaci\u00f3n confiable, participar en conversaciones comunitarias y asegurarse de que las personas sepan a d\u00f3nde acudir cuando necesiten ayuda.<\/p>\n\n\n\n<p class=\"wp-block-paragraph\">Si usted o alguien a quien aprecia tiene preguntas sobre un asunto de inmigraci\u00f3n, <strong><a href=\"https:\/\/abogadoray.com\/es\/contactenos\/\">Contacte con el bufete de abogados de Ybarra Maldonado.<\/a> Para hablar con un abogado de inmigraci\u00f3n en Phoenix<\/strong>. Cada caso de inmigraci\u00f3n es diferente, y obtener asesoramiento legal basado en sus circunstancias individuales puede ayudarle a comprender mejor sus derechos y las opciones disponibles.<\/p>\n\n\n\n<p class=\"wp-block-paragraph\"><em>Este art\u00edculo se proporciona \u00fanicamente con fines informativos y educativos generales y no constituye asesoramiento legal. Las leyes, pol\u00edticas y procedimientos de inmigraci\u00f3n pueden cambiar, y cada caso depende de sus circunstancias espec\u00edficas. La lectura de este art\u00edculo no crea una relaci\u00f3n abogado-cliente. Para obtener orientaci\u00f3n sobre su situaci\u00f3n particular, consulte con un abogado de inmigraci\u00f3n calificado.<\/em><\/p>\n\n\n\n<figure class=\"wp-block-image size-large is-resized\"><img loading=\"lazy\" decoding=\"async\" width=\"1200\" height=\"900\" src=\"https:\/\/abogadoray.com\/wp-content\/uploads\/2026\/08\/29-4-1-1200x900.png\" alt=\"\" class=\"wp-image-8081\" style=\"aspect-ratio:1.333348140908889;width:581px;height:auto\" srcset=\"https:\/\/abogadoray.com\/wp-content\/uploads\/2026\/08\/29-4-1-1200x900.png 1200w, https:\/\/abogadoray.com\/wp-content\/uploads\/2026\/08\/29-4-1-800x600.png 800w, https:\/\/abogadoray.com\/wp-content\/uploads\/2026\/08\/29-4-1-768x576.png 768w, https:\/\/abogadoray.com\/wp-content\/uploads\/2026\/08\/29-4-1-1536x1152.png 1536w, https:\/\/abogadoray.com\/wp-content\/uploads\/2026\/08\/29-4-1-16x12.png 16w, https:\/\/abogadoray.com\/wp-content\/uploads\/2026\/08\/29-4-1.png 1600w\" sizes=\"(max-width: 1200px) 100vw, 1200px\" \/><\/figure>","protected":false},"excerpt":{"rendered":"<p>On August 27, members of the immigrant community, mental health professionals, attorneys, psychologists, educators, community leaders, and families gathered at the Arizona Latino Arts &amp; Cultural Center (ALAC) in Phoenix for the launch of Impacto Migrante, a new podcast focused on addressing today\u2019s immigration realities from legal, psychological, family, and community perspectives. The event created [&hellip;]<\/p>","protected":false},"author":5,"featured_media":8076,"comment_status":"closed","ping_status":"closed","sticky":false,"template":"","format":"standard","meta":{"footnotes":"","_links_to":"","_links_to_target":""},"categories":[48],"tags":[],"class_list":["post-8075","post","type-post","status-publish","format-standard","has-post-thumbnail","hentry","category-immigration"],"yoast_head":"<!-- This site is optimized with the Yoast SEO plugin v26.2 - https:\/\/yoast.com\/wordpress\/plugins\/seo\/ -->\n<title>Impacto Migrante Podcast Launch in Phoenix: YMLG Supports Immigrant Families<\/title>\n<meta name=\"description\" content=\"On August 27, members of the immigrant community, mental health professionals, attorneys, psychologists, educators, community leaders, and families\" \/>\n<meta name=\"robots\" content=\"index, follow, max-snippet:-1, max-image-preview:large, max-video-preview:-1\" \/>\n<link rel=\"canonical\" href=\"https:\/\/abogadoray.com\/es\/inmigracion\/ymlg-apoya-a-la-comunidad-inmigrante-de-phoenix-a-traves-de-la-educacion-el-bienestar-y-la-asesoria-legal-el-lanzamiento-del-podcast-impacto-migrante\/\" \/>\n<meta property=\"og:locale\" content=\"es_MX\" \/>\n<meta property=\"og:type\" content=\"article\" \/>\n<meta property=\"og:title\" content=\"Impacto Migrante Podcast Launch in Phoenix: YMLG Supports Immigrant Families\" \/>\n<meta property=\"og:description\" content=\"On August 27, members of the immigrant community, mental health professionals, attorneys, psychologists, educators, community leaders, and families\" \/>\n<meta property=\"og:url\" content=\"https:\/\/abogadoray.com\/es\/inmigracion\/ymlg-apoya-a-la-comunidad-inmigrante-de-phoenix-a-traves-de-la-educacion-el-bienestar-y-la-asesoria-legal-el-lanzamiento-del-podcast-impacto-migrante\/\" \/>\n<meta property=\"og:site_name\" content=\"Ybarra Maldonado Law Group | Phoenix Law Firm\" \/>\n<meta property=\"article:publisher\" content=\"https:\/\/www.facebook.com\/abogadoray\/\" \/>\n<meta property=\"article:author\" content=\"https:\/\/www.facebook.com\/abogadoray\/\" \/>\n<meta property=\"article:published_time\" content=\"2026-08-30T02:03:19+00:00\" \/>\n<meta property=\"og:image\" content=\"https:\/\/abogadoray.com\/wp-content\/uploads\/2026\/08\/Supporting-Phoenixs-Immigrant-Community-1.png\" \/>\n\t<meta property=\"og:image:width\" content=\"1200\" \/>\n\t<meta property=\"og:image:height\" content=\"628\" \/>\n\t<meta property=\"og:image:type\" content=\"image\/png\" \/>\n<meta name=\"author\" content=\"Abogado Ray\" \/>\n<meta name=\"twitter:card\" content=\"summary_large_image\" \/>\n<meta name=\"twitter:creator\" content=\"@abogadoray\" \/>\n<meta name=\"twitter:site\" content=\"@abogadoray\" \/>\n<meta name=\"twitter:label1\" content=\"Escrito por\" \/>\n\t<meta name=\"twitter:data1\" content=\"Abogado Ray\" \/>\n\t<meta name=\"twitter:label2\" content=\"Tiempo de lectura\" \/>\n\t<meta name=\"twitter:data2\" content=\"8 minutos\" \/>\n<script type=\"application\/ld+json\" class=\"yoast-schema-graph\">{\"@context\":\"https:\/\/schema.org\",\"@graph\":[{\"@type\":\"Article\",\"@id\":\"https:\/\/abogadoray.com\/immigration\/supporting-phoenixs-immigrant-community-through-education-wellness-and-legal-guidance-ymlg-sponsors-the-impacto-migrante-podcast-launch\/#article\",\"isPartOf\":{\"@id\":\"https:\/\/abogadoray.com\/immigration\/supporting-phoenixs-immigrant-community-through-education-wellness-and-legal-guidance-ymlg-sponsors-the-impacto-migrante-podcast-launch\/\"},\"author\":{\"name\":\"Abogado Ray\",\"@id\":\"https:\/\/abogadoray.com\/#\/schema\/person\/326e6defd93740a514a3a7b57cdcf8e4\"},\"headline\":\"Supporting Phoenix\u2019s Immigrant Community Through Education, Wellness, and Legal Guidance: YMLG Sponsors the Impacto Migrante Podcast Launch\",\"datePublished\":\"2026-08-30T02:03:19+00:00\",\"mainEntityOfPage\":{\"@id\":\"https:\/\/abogadoray.com\/immigration\/supporting-phoenixs-immigrant-community-through-education-wellness-and-legal-guidance-ymlg-sponsors-the-impacto-migrante-podcast-launch\/\"},\"wordCount\":1377,\"publisher\":{\"@id\":\"https:\/\/abogadoray.com\/#organization\"},\"image\":{\"@id\":\"https:\/\/abogadoray.com\/immigration\/supporting-phoenixs-immigrant-community-through-education-wellness-and-legal-guidance-ymlg-sponsors-the-impacto-migrante-podcast-launch\/#primaryimage\"},\"thumbnailUrl\":\"https:\/\/abogadoray.com\/wp-content\/uploads\/2026\/08\/Supporting-Phoenixs-Immigrant-Community-1.png\",\"articleSection\":[\"Immigration\"],\"inLanguage\":\"es\"},{\"@type\":\"WebPage\",\"@id\":\"https:\/\/abogadoray.com\/immigration\/supporting-phoenixs-immigrant-community-through-education-wellness-and-legal-guidance-ymlg-sponsors-the-impacto-migrante-podcast-launch\/\",\"url\":\"https:\/\/abogadoray.com\/immigration\/supporting-phoenixs-immigrant-community-through-education-wellness-and-legal-guidance-ymlg-sponsors-the-impacto-migrante-podcast-launch\/\",\"name\":\"Impacto Migrante Podcast Launch in Phoenix: YMLG Supports Immigrant Families\",\"isPartOf\":{\"@id\":\"https:\/\/abogadoray.com\/#website\"},\"primaryImageOfPage\":{\"@id\":\"https:\/\/abogadoray.com\/immigration\/supporting-phoenixs-immigrant-community-through-education-wellness-and-legal-guidance-ymlg-sponsors-the-impacto-migrante-podcast-launch\/#primaryimage\"},\"image\":{\"@id\":\"https:\/\/abogadoray.com\/immigration\/supporting-phoenixs-immigrant-community-through-education-wellness-and-legal-guidance-ymlg-sponsors-the-impacto-migrante-podcast-launch\/#primaryimage\"},\"thumbnailUrl\":\"https:\/\/abogadoray.com\/wp-content\/uploads\/2026\/08\/Supporting-Phoenixs-Immigrant-Community-1.png\",\"datePublished\":\"2026-08-30T02:03:19+00:00\",\"description\":\"On August 27, members of the immigrant community, mental health professionals, attorneys, psychologists, educators, community leaders, and families\",\"breadcrumb\":{\"@id\":\"https:\/\/abogadoray.com\/immigration\/supporting-phoenixs-immigrant-community-through-education-wellness-and-legal-guidance-ymlg-sponsors-the-impacto-migrante-podcast-launch\/#breadcrumb\"},\"inLanguage\":\"es\",\"potentialAction\":[{\"@type\":\"ReadAction\",\"target\":[\"https:\/\/abogadoray.com\/immigration\/supporting-phoenixs-immigrant-community-through-education-wellness-and-legal-guidance-ymlg-sponsors-the-impacto-migrante-podcast-launch\/\"]}]},{\"@type\":\"ImageObject\",\"inLanguage\":\"es\",\"@id\":\"https:\/\/abogadoray.com\/immigration\/supporting-phoenixs-immigrant-community-through-education-wellness-and-legal-guidance-ymlg-sponsors-the-impacto-migrante-podcast-launch\/#primaryimage\",\"url\":\"https:\/\/abogadoray.com\/wp-content\/uploads\/2026\/08\/Supporting-Phoenixs-Immigrant-Community-1.png\",\"contentUrl\":\"https:\/\/abogadoray.com\/wp-content\/uploads\/2026\/08\/Supporting-Phoenixs-Immigrant-Community-1.png\",\"width\":1200,\"height\":628},{\"@type\":\"BreadcrumbList\",\"@id\":\"https:\/\/abogadoray.com\/immigration\/supporting-phoenixs-immigrant-community-through-education-wellness-and-legal-guidance-ymlg-sponsors-the-impacto-migrante-podcast-launch\/#breadcrumb\",\"itemListElement\":[{\"@type\":\"ListItem\",\"position\":1,\"name\":\"Home\",\"item\":\"https:\/\/abogadoray.com\/\"},{\"@type\":\"ListItem\",\"position\":2,\"name\":\"Supporting Phoenix\u2019s Immigrant Community Through Education, Wellness, and Legal Guidance: YMLG Sponsors the Impacto Migrante Podcast Launch\"}]},{\"@type\":\"WebSite\",\"@id\":\"https:\/\/abogadoray.com\/#website\",\"url\":\"https:\/\/abogadoray.com\/\",\"name\":\"Ybarra Maldonado Law Group | Phoenix Law Firm\",\"description\":\"Reuniting Families, Keeping Them Together\",\"publisher\":{\"@id\":\"https:\/\/abogadoray.com\/#organization\"},\"potentialAction\":[{\"@type\":\"SearchAction\",\"target\":{\"@type\":\"EntryPoint\",\"urlTemplate\":\"https:\/\/abogadoray.com\/?s={search_term_string}\"},\"query-input\":{\"@type\":\"PropertyValueSpecification\",\"valueRequired\":true,\"valueName\":\"search_term_string\"}}],\"inLanguage\":\"es\"},{\"@type\":\"Organization\",\"@id\":\"https:\/\/abogadoray.com\/#organization\",\"name\":\"Ybarra Maldonado Law Group\",\"url\":\"https:\/\/abogadoray.com\/\",\"logo\":{\"@type\":\"ImageObject\",\"inLanguage\":\"es\",\"@id\":\"https:\/\/abogadoray.com\/#\/schema\/logo\/image\/\",\"url\":\"https:\/\/abogadoray.com\/wp-content\/uploads\/2017\/12\/abogados-de-migracion-ray-logo-copy.png\",\"contentUrl\":\"https:\/\/abogadoray.com\/wp-content\/uploads\/2017\/12\/abogados-de-migracion-ray-logo-copy.png\",\"width\":360,\"height\":202,\"caption\":\"Ybarra Maldonado Law Group\"},\"image\":{\"@id\":\"https:\/\/abogadoray.com\/#\/schema\/logo\/image\/\"},\"sameAs\":[\"https:\/\/www.facebook.com\/abogadoray\/\",\"https:\/\/x.com\/abogadoray\",\"https:\/\/abogadoray\",\"https:\/\/www.linkedin.com\/in\/ray-ybarra-maldonado-6b1b3044\/\",\"https:\/\/www.youtube.com\/channel\/UC0_lzX6okOXa3YHvq3jIM_A\"]},{\"@type\":\"Person\",\"@id\":\"https:\/\/abogadoray.com\/#\/schema\/person\/326e6defd93740a514a3a7b57cdcf8e4\",\"name\":\"Abogado Ray\",\"image\":{\"@type\":\"ImageObject\",\"inLanguage\":\"es\",\"@id\":\"https:\/\/abogadoray.com\/#\/schema\/person\/image\/\",\"url\":\"https:\/\/secure.gravatar.com\/avatar\/ca625801b0add9179d307bf97994d4f1e9e089830e878aebb374fb8ff33692d9?s=96&d=mm&r=g\",\"contentUrl\":\"https:\/\/secure.gravatar.com\/avatar\/ca625801b0add9179d307bf97994d4f1e9e089830e878aebb374fb8ff33692d9?s=96&d=mm&r=g\",\"caption\":\"Abogado Ray\"},\"description\":\"Ybarra Maldonado has written about and given numerous talks on vigilantism, the militarization of the border and the growing immigrant\u2019s rights movement at numerous universities including Stanford, Harvard, University of California at Berkeley, and the Universidad Nacional Autonoma de Mexico and to community groups from Washington to Iowa.\",\"sameAs\":[\"https:\/\/abogadoray.com\",\"https:\/\/www.facebook.com\/abogadoray\/\"]}]}<\/script>\n<!-- \/ Yoast SEO plugin. -->","yoast_head_json":{"title":"Lanzamiento del podcast Impacto Migrante en Phoenix: YMLG apoya a las familias inmigrantes.","description":"El 27 de agosto, miembros de la comunidad inmigrante, profesionales de la salud mental, abogados, psic\u00f3logos, educadores, l\u00edderes comunitarios y familias","robots":{"index":"index","follow":"follow","max-snippet":"max-snippet:-1","max-image-preview":"max-image-preview:large","max-video-preview":"max-video-preview:-1"},"canonical":"https:\/\/abogadoray.com\/es\/inmigracion\/ymlg-apoya-a-la-comunidad-inmigrante-de-phoenix-a-traves-de-la-educacion-el-bienestar-y-la-asesoria-legal-el-lanzamiento-del-podcast-impacto-migrante\/","og_locale":"es_MX","og_type":"article","og_title":"Impacto Migrante Podcast Launch in Phoenix: YMLG Supports Immigrant Families","og_description":"On August 27, members of the immigrant community, mental health professionals, attorneys, psychologists, educators, community leaders, and families","og_url":"https:\/\/abogadoray.com\/es\/inmigracion\/ymlg-apoya-a-la-comunidad-inmigrante-de-phoenix-a-traves-de-la-educacion-el-bienestar-y-la-asesoria-legal-el-lanzamiento-del-podcast-impacto-migrante\/","og_site_name":"Ybarra Maldonado Law Group | Phoenix Law Firm","article_publisher":"https:\/\/www.facebook.com\/abogadoray\/","article_author":"https:\/\/www.facebook.com\/abogadoray\/","article_published_time":"2026-08-30T02:03:19+00:00","og_image":[{"width":1200,"height":628,"url":"https:\/\/abogadoray.com\/wp-content\/uploads\/2026\/08\/Supporting-Phoenixs-Immigrant-Community-1.png","type":"image\/png"}],"author":"Abogado Ray","twitter_card":"summary_large_image","twitter_creator":"@abogadoray","twitter_site":"@abogadoray","twitter_misc":{"Escrito por":"Abogado Ray","Tiempo de lectura":"8 minutos"},"schema":{"@context":"https:\/\/schema.org","@graph":[{"@type":"Article","@id":"https:\/\/abogadoray.com\/immigration\/supporting-phoenixs-immigrant-community-through-education-wellness-and-legal-guidance-ymlg-sponsors-the-impacto-migrante-podcast-launch\/#article","isPartOf":{"@id":"https:\/\/abogadoray.com\/immigration\/supporting-phoenixs-immigrant-community-through-education-wellness-and-legal-guidance-ymlg-sponsors-the-impacto-migrante-podcast-launch\/"},"author":{"name":"Abogado Ray","@id":"https:\/\/abogadoray.com\/#\/schema\/person\/326e6defd93740a514a3a7b57cdcf8e4"},"headline":"Supporting Phoenix\u2019s Immigrant Community Through Education, Wellness, and Legal Guidance: YMLG Sponsors the Impacto Migrante Podcast Launch","datePublished":"2026-08-30T02:03:19+00:00","mainEntityOfPage":{"@id":"https:\/\/abogadoray.com\/immigration\/supporting-phoenixs-immigrant-community-through-education-wellness-and-legal-guidance-ymlg-sponsors-the-impacto-migrante-podcast-launch\/"},"wordCount":1377,"publisher":{"@id":"https:\/\/abogadoray.com\/#organization"},"image":{"@id":"https:\/\/abogadoray.com\/immigration\/supporting-phoenixs-immigrant-community-through-education-wellness-and-legal-guidance-ymlg-sponsors-the-impacto-migrante-podcast-launch\/#primaryimage"},"thumbnailUrl":"https:\/\/abogadoray.com\/wp-content\/uploads\/2026\/08\/Supporting-Phoenixs-Immigrant-Community-1.png","articleSection":["Immigration"],"inLanguage":"es"},{"@type":"WebPage","@id":"https:\/\/abogadoray.com\/immigration\/supporting-phoenixs-immigrant-community-through-education-wellness-and-legal-guidance-ymlg-sponsors-the-impacto-migrante-podcast-launch\/","url":"https:\/\/abogadoray.com\/immigration\/supporting-phoenixs-immigrant-community-through-education-wellness-and-legal-guidance-ymlg-sponsors-the-impacto-migrante-podcast-launch\/","name":"Lanzamiento del podcast Impacto Migrante en Phoenix: YMLG apoya a las familias inmigrantes.","isPartOf":{"@id":"https:\/\/abogadoray.com\/#website"},"primaryImageOfPage":{"@id":"https:\/\/abogadoray.com\/immigration\/supporting-phoenixs-immigrant-community-through-education-wellness-and-legal-guidance-ymlg-sponsors-the-impacto-migrante-podcast-launch\/#primaryimage"},"image":{"@id":"https:\/\/abogadoray.com\/immigration\/supporting-phoenixs-immigrant-community-through-education-wellness-and-legal-guidance-ymlg-sponsors-the-impacto-migrante-podcast-launch\/#primaryimage"},"thumbnailUrl":"https:\/\/abogadoray.com\/wp-content\/uploads\/2026\/08\/Supporting-Phoenixs-Immigrant-Community-1.png","datePublished":"2026-08-30T02:03:19+00:00","description":"El 27 de agosto, miembros de la comunidad inmigrante, profesionales de la salud mental, abogados, psic\u00f3logos, educadores, l\u00edderes comunitarios y familias","breadcrumb":{"@id":"https:\/\/abogadoray.com\/immigration\/supporting-phoenixs-immigrant-community-through-education-wellness-and-legal-guidance-ymlg-sponsors-the-impacto-migrante-podcast-launch\/#breadcrumb"},"inLanguage":"es","potentialAction":[{"@type":"ReadAction","target":["https:\/\/abogadoray.com\/immigration\/supporting-phoenixs-immigrant-community-through-education-wellness-and-legal-guidance-ymlg-sponsors-the-impacto-migrante-podcast-launch\/"]}]},{"@type":"ImageObject","inLanguage":"es","@id":"https:\/\/abogadoray.com\/immigration\/supporting-phoenixs-immigrant-community-through-education-wellness-and-legal-guidance-ymlg-sponsors-the-impacto-migrante-podcast-launch\/#primaryimage","url":"https:\/\/abogadoray.com\/wp-content\/uploads\/2026\/08\/Supporting-Phoenixs-Immigrant-Community-1.png","contentUrl":"https:\/\/abogadoray.com\/wp-content\/uploads\/2026\/08\/Supporting-Phoenixs-Immigrant-Community-1.png","width":1200,"height":628},{"@type":"BreadcrumbList","@id":"https:\/\/abogadoray.com\/immigration\/supporting-phoenixs-immigrant-community-through-education-wellness-and-legal-guidance-ymlg-sponsors-the-impacto-migrante-podcast-launch\/#breadcrumb","itemListElement":[{"@type":"ListItem","position":1,"name":"Home","item":"https:\/\/abogadoray.com\/"},{"@type":"ListItem","position":2,"name":"Supporting Phoenix\u2019s Immigrant Community Through Education, Wellness, and Legal Guidance: YMLG Sponsors the Impacto Migrante Podcast Launch"}]},{"@type":"WebSite","@id":"https:\/\/abogadoray.com\/#website","url":"https:\/\/abogadoray.com\/","name":"Ybarra Maldonado Law Group | Bufete de abogados de Phoenix","description":"Reuniendo familias, manteni\u00e9ndolas juntas","publisher":{"@id":"https:\/\/abogadoray.com\/#organization"},"potentialAction":[{"@type":"SearchAction","target":{"@type":"EntryPoint","urlTemplate":"https:\/\/abogadoray.com\/?s={search_term_string}"},"query-input":{"@type":"PropertyValueSpecification","valueRequired":true,"valueName":"search_term_string"}}],"inLanguage":"es"},{"@type":"Organization","@id":"https:\/\/abogadoray.com\/#organization","name":"Ybarra Maldonado Law Group,","url":"https:\/\/abogadoray.com\/","logo":{"@type":"ImageObject","inLanguage":"es","@id":"https:\/\/abogadoray.com\/#\/schema\/logo\/image\/","url":"https:\/\/abogadoray.com\/wp-content\/uploads\/2017\/12\/abogados-de-migracion-ray-logo-copy.png","contentUrl":"https:\/\/abogadoray.com\/wp-content\/uploads\/2017\/12\/abogados-de-migracion-ray-logo-copy.png","width":360,"height":202,"caption":"Ybarra Maldonado Law Group"},"image":{"@id":"https:\/\/abogadoray.com\/#\/schema\/logo\/image\/"},"sameAs":["https:\/\/www.facebook.com\/abogadoray\/","https:\/\/x.com\/abogadoray","https:\/\/abogadoray","https:\/\/www.linkedin.com\/in\/ray-ybarra-maldonado-6b1b3044\/","https:\/\/www.youtube.com\/channel\/UC0_lzX6okOXa3YHvq3jIM_A"]},{"@type":"Person","@id":"https:\/\/abogadoray.com\/#\/schema\/person\/326e6defd93740a514a3a7b57cdcf8e4","name":"Abogado Ray","image":{"@type":"ImageObject","inLanguage":"es","@id":"https:\/\/abogadoray.com\/#\/schema\/person\/image\/","url":"https:\/\/secure.gravatar.com\/avatar\/ca625801b0add9179d307bf97994d4f1e9e089830e878aebb374fb8ff33692d9?s=96&d=mm&r=g","contentUrl":"https:\/\/secure.gravatar.com\/avatar\/ca625801b0add9179d307bf97994d4f1e9e089830e878aebb374fb8ff33692d9?s=96&d=mm&r=g","caption":"Abogado Ray"},"description":"Ybarra Maldonado ha escrito y dado numerosas charlas sobre el vigilantismo, la militarizaci\u00f3n de la frontera y el creciente movimiento por los derechos de los inmigrantes en numerosas universidades, incluidas Stanford, Harvard, la Universidad de California en Berkeley y la Universidad Nacional Aut\u00f3noma de M\u00e9xico y a grupos comunitarios de Washington. a Iowa.","sameAs":["https:\/\/abogadoray.com","https:\/\/www.facebook.com\/abogadoray\/"]}]}},"_links":{"self":[{"href":"https:\/\/abogadoray.com\/es\/wp-json\/wp\/v2\/posts\/8075","targetHints":{"allow":["GET"]}}],"collection":[{"href":"https:\/\/abogadoray.com\/es\/wp-json\/wp\/v2\/posts"}],"about":[{"href":"https:\/\/abogadoray.com\/es\/wp-json\/wp\/v2\/types\/post"}],"author":[{"embeddable":true,"href":"https:\/\/abogadoray.com\/es\/wp-json\/wp\/v2\/users\/5"}],"replies":[{"embeddable":true,"href":"https:\/\/abogadoray.com\/es\/wp-json\/wp\/v2\/comments?post=8075"}],"version-history":[{"count":4,"href":"https:\/\/abogadoray.com\/es\/wp-json\/wp\/v2\/posts\/8075\/revisions"}],"predecessor-version":[{"id":8087,"href":"https:\/\/abogadoray.com\/es\/wp-json\/wp\/v2\/posts\/8075\/revisions\/8087"}],"wp:featuredmedia":[{"embeddable":true,"href":"https:\/\/abogadoray.com\/es\/wp-json\/wp\/v2\/media\/8076"}],"wp:attachment":[{"href":"https:\/\/abogadoray.com\/es\/wp-json\/wp\/v2\/media?parent=8075"}],"wp:term":[{"taxonomy":"category","embeddable":true,"href":"https:\/\/abogadoray.com\/es\/wp-json\/wp\/v2\/categories?post=8075"},{"taxonomy":"post_tag","embeddable":true,"href":"https:\/\/abogadoray.com\/es\/wp-json\/wp\/v2\/tags?post=8075"}],"curies":[{"name":"gracias","href":"https:\/\/api.w.org\/{rel}","templated":true}]}}